{"id":670,"date":"2023-12-05T14:56:00","date_gmt":"2023-12-05T13:56:00","guid":{"rendered":"https:\/\/beurre.qodeinteractive.com\/?p=670"},"modified":"2023-12-13T14:02:02","modified_gmt":"2023-12-13T13:02:02","slug":"des-soirees-evenementielles-au-sommet-des-2-alpes","status":"publish","type":"post","link":"https:\/\/www.lediableaucoeur.com\/en\/2023\/12\/05\/des-soirees-evenementielles-au-sommet-des-2-alpes\/","title":{"rendered":"Evening events at the 2 Alpes summit"},"content":{"rendered":"<div data-elementor-type=\"wp-post\" data-elementor-id=\"670\" class=\"elementor elementor-670\">\n\t\t\t\t\t\t\t\t\t<section class=\"has_eae_slider elementor-section elementor-top-section elementor-element elementor-element-4c732aa elementor-section-boxed elementor-section-height-default elementor-section-height-default qodef-elementor-content-no\" data-id=\"4c732aa\" data-element_type=\"section\">\n\t\t\t\t\t\t<div class=\"elementor-container elementor-column-gap-default\">\n\t\t\t\t\t<div class=\"has_eae_slider elementor-column elementor-col-100 elementor-top-column elementor-element elementor-element-a612252\" data-id=\"a612252\" data-element_type=\"column\">\n\t\t\t<div class=\"elementor-widget-wrap elementor-element-populated\">\n\t\t\t\t\t\t\t\t<div class=\"elementor-element elementor-element-f5c1b62 elementor-widget elementor-widget-text-editor\" data-id=\"f5c1b62\" data-element_type=\"widget\" data-widget_type=\"text-editor.default\">\n\t\t\t\t<div class=\"elementor-widget-container\">\n\t\t\t<style>\/*! elementor - v3.14.0 - 26-06-2023 *\/\n.elementor-widget-text-editor.elementor-drop-cap-view-stacked .elementor-drop-cap{background-color:#69727d;color:#fff}.elementor-widget-text-editor.elementor-drop-cap-view-framed .elementor-drop-cap{color:#69727d;border:3px solid;background-color:transparent}.elementor-widget-text-editor:not(.elementor-drop-cap-view-default) .elementor-drop-cap{margin-top:8px}.elementor-widget-text-editor:not(.elementor-drop-cap-view-default) .elementor-drop-cap-letter{width:1em;height:1em}.elementor-widget-text-editor .elementor-drop-cap{float:left;text-align:center;line-height:1;font-size:50px}.elementor-widget-text-editor .elementor-drop-cap-letter{display:inline-block}<\/style>\t\t\t\t<p><strong>In the heart of the popular resort of Les 2 Alpes, the high-altitude restaurant \"Le Diable au Coeur\" and its adjoining bar \"La Rotonde\" are transformed every Thursday evening into a vibrant stage for not-to-be-missed events. D<\/strong><strong>rom 7pm to 10:30pm, these exceptional venues offer a unique night-time experience, made even more special by the use of the Diable gondola chairlift.<\/strong><\/p>\t\t\t\t\t\t<\/div>\n\t\t\t\t<\/div>\n\t\t\t\t\t<\/div>\n\t\t<\/div>\n\t\t\t\t\t\t\t<\/div>\n\t\t<\/section>\n\t\t\t\t<section class=\"has_eae_slider elementor-section elementor-top-section elementor-element elementor-element-c3e25fb elementor-section-boxed elementor-section-height-default elementor-section-height-default qodef-elementor-content-no\" data-id=\"c3e25fb\" data-element_type=\"section\">\n\t\t\t\t\t\t<div class=\"elementor-container elementor-column-gap-default\">\n\t\t\t\t\t<div class=\"has_eae_slider elementor-column elementor-col-100 elementor-top-column elementor-element elementor-element-a8af2b5\" data-id=\"a8af2b5\" data-element_type=\"column\">\n\t\t\t<div class=\"elementor-widget-wrap elementor-element-populated\">\n\t\t\t\t\t\t\t\t<div class=\"elementor-element elementor-element-b958e1a elementor-widget elementor-widget-text-editor\" data-id=\"b958e1a\" data-element_type=\"widget\" data-widget_type=\"text-editor.default\">\n\t\t\t\t<div class=\"elementor-widget-container\">\n\t\t\t\t\t\t\t<p>Event evenings at Le Diable au Coeur promise an enchanting combination of refined gastronomy, captivating entertainment and a convivial atmosphere. Guests have the opportunity to reserve their place at these exclusive evenings, where creative cuisine and exquisite flavors combine perfectly with a breathtaking view of the snow-capped peaks of the Alps.<\/p>\t\t\t\t\t\t<\/div>\n\t\t\t\t<\/div>\n\t\t\t\t\t<\/div>\n\t\t<\/div>\n\t\t\t\t\t\t\t<\/div>\n\t\t<\/section>\n\t\t\t\t<section class=\"has_eae_slider elementor-section elementor-top-section elementor-element elementor-element-a519ec2 elementor-section-boxed elementor-section-height-default elementor-section-height-default qodef-elementor-content-no\" data-id=\"a519ec2\" data-element_type=\"section\">\n\t\t\t\t\t\t<div class=\"elementor-container elementor-column-gap-default\">\n\t\t\t\t\t<div class=\"has_eae_slider elementor-column elementor-col-50 elementor-top-column elementor-element elementor-element-12126ea\" data-id=\"12126ea\" data-element_type=\"column\">\n\t\t\t<div class=\"elementor-widget-wrap elementor-element-populated\">\n\t\t\t\t\t\t\t\t<div class=\"elementor-element elementor-element-442e3d2 elementor-widget elementor-widget-beurre_core_single_image\" data-id=\"442e3d2\" data-element_type=\"widget\" data-widget_type=\"beurre_core_single_image.default\">\n\t\t\t\t<div class=\"elementor-widget-container\">\n\t\t\t<div class=\"qodef-shortcode qodef-m  qodef-single-image qodef-layout--default    qodef-alignment--left\">\n\t\t\t<div class=\"qodef-m-image\">\n\t\t\t\t\t\t\t\t<img loading=\"lazy\" decoding=\"async\" width=\"300\" height=\"400\" src=\"https:\/\/www.lediableaucoeur.com\/wp-content\/uploads\/2023\/12\/bar-evenements.png\" class=\"attachment-full size-full\" alt=\"Bar Ev\u00e8nements tous les jeudis\" srcset=\"https:\/\/www.lediableaucoeur.com\/wp-content\/uploads\/2023\/12\/bar-evenements.png 300w, https:\/\/www.lediableaucoeur.com\/wp-content\/uploads\/2023\/12\/bar-evenements-225x300.png 225w, https:\/\/www.lediableaucoeur.com\/wp-content\/uploads\/2023\/12\/bar-evenements-9x12.png 9w\" sizes=\"auto, (max-width: 300px) 100vw, 300px\" \/>\t\t\t\t\t\t\t<\/div>\n\t<\/div>\n\t\t<\/div>\n\t\t\t\t<\/div>\n\t\t\t\t\t<\/div>\n\t\t<\/div>\n\t\t\t\t<div class=\"has_eae_slider elementor-column elementor-col-50 elementor-top-column elementor-element elementor-element-824c266\" data-id=\"824c266\" data-element_type=\"column\">\n\t\t\t<div class=\"elementor-widget-wrap elementor-element-populated\">\n\t\t\t\t\t\t\t\t<div class=\"elementor-element elementor-element-1cc326d elementor-widget elementor-widget-text-editor\" data-id=\"1cc326d\" data-element_type=\"widget\" data-widget_type=\"text-editor.default\">\n\t\t\t\t<div class=\"elementor-widget-container\">\n\t\t\t\t\t\t\t<blockquote>La Rotonde bar at Le Diable au Coeur restaurant is transformed into a lively place where guests can relax and enjoy a selection of creative cocktails, fine wines and local beers...<\/blockquote>\t\t\t\t\t\t<\/div>\n\t\t\t\t<\/div>\n\t\t\t\t\t<\/div>\n\t\t<\/div>\n\t\t\t\t\t\t\t<\/div>\n\t\t<\/section>\n\t\t\t\t<section class=\"has_eae_slider elementor-section elementor-top-section elementor-element elementor-element-b4050f4 elementor-section-boxed elementor-section-height-default elementor-section-height-default qodef-elementor-content-no\" data-id=\"b4050f4\" data-element_type=\"section\">\n\t\t\t\t\t\t<div class=\"elementor-container elementor-column-gap-default\">\n\t\t\t\t\t<div class=\"has_eae_slider elementor-column elementor-col-100 elementor-top-column elementor-element elementor-element-d606818\" data-id=\"d606818\" data-element_type=\"column\">\n\t\t\t<div class=\"elementor-widget-wrap elementor-element-populated\">\n\t\t\t\t\t\t\t\t<div class=\"elementor-element elementor-element-7fde2c3 elementor-widget elementor-widget-text-editor\" data-id=\"7fde2c3\" data-element_type=\"widget\" data-widget_type=\"text-editor.default\">\n\t\t\t\t<div class=\"elementor-widget-container\">\n\t\t\t\t\t\t\t<p>The restaurant offers an exceptional menu and drinks menu for these evenings, featuring dishes made with local, seasonal produce and exceptional wines &amp; spirits. Every bite is a celebration of culinary delights, while the warm ambience and attentive service create a memorable experience.<strong> Le Diable au Coeur combines haute cuisine with a relaxed atmosphere, offering guests unforgettable evenings.<\/strong><\/p>\t\t\t\t\t\t<\/div>\n\t\t\t\t<\/div>\n\t\t\t\t\t<\/div>\n\t\t<\/div>\n\t\t\t\t\t\t\t<\/div>\n\t\t<\/section>\n\t\t\t\t<section class=\"has_eae_slider elementor-section elementor-top-section elementor-element elementor-element-3a6ea43 elementor-section-boxed elementor-section-height-default elementor-section-height-default qodef-elementor-content-no\" data-id=\"3a6ea43\" data-element_type=\"section\">\n\t\t\t\t\t\t<div class=\"elementor-container elementor-column-gap-default\">\n\t\t\t\t\t<div class=\"has_eae_slider elementor-column elementor-col-100 elementor-top-column elementor-element elementor-element-5dbfb87\" data-id=\"5dbfb87\" data-element_type=\"column\">\n\t\t\t<div class=\"elementor-widget-wrap elementor-element-populated\">\n\t\t\t\t\t\t\t\t<div class=\"elementor-element elementor-element-ed7568d elementor-widget elementor-widget-beurre_core_section_title\" data-id=\"ed7568d\" data-element_type=\"widget\" data-widget_type=\"beurre_core_section_title.default\">\n\t\t\t\t<div class=\"elementor-widget-container\">\n\t\t\t<div class=\"qodef-shortcode qodef-m  qodef-section-title qodef-alignment--left\">\n\t\t\t<h3 class=\"qodef-m-title\" >\n\t\t\t\t\tLocation <span class=\"qodef-m-title--highlighted\">from<\/span> your appointments <span class=\"qodef-m-title--highlighted\">\u00e0<\/span> not to be missed <span class=\"qodef-m-title--highlighted\">no<\/span> pretext!\t\t\t<\/h3>\n\t<\/div>\n\t\t<\/div>\n\t\t\t\t<\/div>\n\t\t\t\t\t<\/div>\n\t\t<\/div>\n\t\t\t\t\t\t\t<\/div>\n\t\t<\/section>\n\t\t\t\t<section class=\"has_eae_slider elementor-section elementor-top-section elementor-element elementor-element-96fad73 elementor-section-boxed elementor-section-height-default elementor-section-height-default qodef-elementor-content-no\" data-id=\"96fad73\" data-element_type=\"section\">\n\t\t\t\t\t\t<div class=\"elementor-container elementor-column-gap-default\">\n\t\t\t\t\t<div class=\"has_eae_slider elementor-column elementor-col-100 elementor-top-column elementor-element elementor-element-a5a29c9\" data-id=\"a5a29c9\" data-element_type=\"column\">\n\t\t\t<div class=\"elementor-widget-wrap elementor-element-populated\">\n\t\t\t\t\t\t\t\t<div class=\"elementor-element elementor-element-00afe46 elementor-widget elementor-widget-text-editor\" data-id=\"00afe46\" data-element_type=\"widget\" data-widget_type=\"text-editor.default\">\n\t\t\t\t<div class=\"elementor-widget-container\">\n\t\t\t\t\t\t\t<p><strong>Live music and DJs add a festive touch to the atmosphere, transforming La Rotonde into a veritable meeting point for lovers of high-altitude nightlife.<\/strong><\/p>\t\t\t\t\t\t<\/div>\n\t\t\t\t<\/div>\n\t\t\t\t\t<\/div>\n\t\t<\/div>\n\t\t\t\t\t\t\t<\/div>\n\t\t<\/section>\n\t\t\t\t<section class=\"has_eae_slider elementor-section elementor-top-section elementor-element elementor-element-394ba08 elementor-section-boxed elementor-section-height-default elementor-section-height-default qodef-elementor-content-no\" data-id=\"394ba08\" data-element_type=\"section\">\n\t\t\t\t\t\t<div class=\"elementor-container elementor-column-gap-default\">\n\t\t\t\t\t<div class=\"has_eae_slider elementor-column elementor-col-100 elementor-top-column elementor-element elementor-element-823c69e\" data-id=\"823c69e\" data-element_type=\"column\">\n\t\t\t<div class=\"elementor-widget-wrap elementor-element-populated\">\n\t\t\t\t\t\t\t\t<div class=\"elementor-element elementor-element-a085583 elementor-widget elementor-widget-text-editor\" data-id=\"a085583\" data-element_type=\"widget\" data-widget_type=\"text-editor.default\">\n\t\t\t\t<div class=\"elementor-widget-container\">\n\t\t\t\t\t\t\t<p>The use of the new Diable gondola chairlift adds a spectacular dimension to these evening events. Guests have easy access to the summit, enjoying a scenic ride before reaching the restaurant and bar. This unique experience enhances the appeal of these evenings, creating a magical link between mountain adventure and lively nightlife.<\/p>\t\t\t\t\t\t<\/div>\n\t\t\t\t<\/div>\n\t\t\t\t\t<\/div>\n\t\t<\/div>\n\t\t\t\t\t\t\t<\/div>\n\t\t<\/section>\n\t\t\t\t<section class=\"has_eae_slider elementor-section elementor-top-section elementor-element elementor-element-610d379 elementor-section-boxed elementor-section-height-default elementor-section-height-default qodef-elementor-content-no\" data-id=\"610d379\" data-element_type=\"section\">\n\t\t\t\t\t\t<div class=\"elementor-container elementor-column-gap-default\">\n\t\t\t\t\t<div class=\"has_eae_slider elementor-column elementor-col-50 elementor-top-column elementor-element elementor-element-ca6c8c9\" data-id=\"ca6c8c9\" data-element_type=\"column\">\n\t\t\t<div class=\"elementor-widget-wrap elementor-element-populated\">\n\t\t\t\t\t\t\t\t<div class=\"elementor-element elementor-element-ab8fce7 elementor-widget elementor-widget-beurre_core_single_image\" data-id=\"ab8fce7\" data-element_type=\"widget\" data-widget_type=\"beurre_core_single_image.default\">\n\t\t\t\t<div class=\"elementor-widget-container\">\n\t\t\t<div class=\"qodef-shortcode qodef-m  qodef-single-image qodef-layout--default    qodef-alignment--left\">\n\t\t\t<div class=\"qodef-m-image\">\n\t\t\t\t\t\t\t\t<img loading=\"lazy\" decoding=\"async\" width=\"350\" height=\"350\" src=\"https:\/\/www.lediableaucoeur.com\/wp-content\/uploads\/2023\/12\/vos-evenements_02.png\" class=\"attachment-full size-full\" alt=\"plat de moule au diable au coeur\" srcset=\"https:\/\/www.lediableaucoeur.com\/wp-content\/uploads\/2023\/12\/vos-evenements_02.png 350w, https:\/\/www.lediableaucoeur.com\/wp-content\/uploads\/2023\/12\/vos-evenements_02-300x300.png 300w, https:\/\/www.lediableaucoeur.com\/wp-content\/uploads\/2023\/12\/vos-evenements_02-150x150.png 150w, https:\/\/www.lediableaucoeur.com\/wp-content\/uploads\/2023\/12\/vos-evenements_02-12x12.png 12w\" sizes=\"auto, (max-width: 350px) 100vw, 350px\" \/>\t\t\t\t\t\t\t<\/div>\n\t<\/div>\n\t\t<\/div>\n\t\t\t\t<\/div>\n\t\t\t\t\t<\/div>\n\t\t<\/div>\n\t\t\t\t<div class=\"has_eae_slider elementor-column elementor-col-50 elementor-top-column elementor-element elementor-element-ef6fec8\" data-id=\"ef6fec8\" data-element_type=\"column\">\n\t\t\t<div class=\"elementor-widget-wrap elementor-element-populated\">\n\t\t\t\t\t\t\t\t<div class=\"elementor-element elementor-element-492d2b5 elementor-widget elementor-widget-beurre_core_single_image\" data-id=\"492d2b5\" data-element_type=\"widget\" data-widget_type=\"beurre_core_single_image.default\">\n\t\t\t\t<div class=\"elementor-widget-container\">\n\t\t\t<div class=\"qodef-shortcode qodef-m  qodef-single-image qodef-layout--default    qodef-alignment--left\">\n\t\t\t<div class=\"qodef-m-image\">\n\t\t\t\t\t\t\t\t<img loading=\"lazy\" decoding=\"async\" width=\"550\" height=\"350\" src=\"https:\/\/www.lediableaucoeur.com\/wp-content\/uploads\/2023\/12\/vos-evenements_00.jpg\" class=\"attachment-full size-full\" alt=\"Bar Ev\u00e8nements tous les jeudis\" srcset=\"https:\/\/www.lediableaucoeur.com\/wp-content\/uploads\/2023\/12\/vos-evenements_00.jpg 550w, https:\/\/www.lediableaucoeur.com\/wp-content\/uploads\/2023\/12\/vos-evenements_00-300x191.jpg 300w, https:\/\/www.lediableaucoeur.com\/wp-content\/uploads\/2023\/12\/vos-evenements_00-18x12.jpg 18w\" sizes=\"auto, (max-width: 550px) 100vw, 550px\" \/>\t\t\t\t\t\t\t<\/div>\n\t<\/div>\n\t\t<\/div>\n\t\t\t\t<\/div>\n\t\t\t\t\t<\/div>\n\t\t<\/div>\n\t\t\t\t\t\t\t<\/div>\n\t\t<\/section>\n\t\t\t\t<section class=\"has_eae_slider elementor-section elementor-top-section elementor-element elementor-element-b0d4c54 elementor-section-boxed elementor-section-height-default elementor-section-height-default qodef-elementor-content-no\" data-id=\"b0d4c54\" data-element_type=\"section\">\n\t\t\t\t\t\t<div class=\"elementor-container elementor-column-gap-default\">\n\t\t\t\t\t<div class=\"has_eae_slider elementor-column elementor-col-100 elementor-top-column elementor-element elementor-element-ea750a2\" data-id=\"ea750a2\" data-element_type=\"column\">\n\t\t\t<div class=\"elementor-widget-wrap elementor-element-populated\">\n\t\t\t\t\t\t\t\t<div class=\"elementor-element elementor-element-de2abab elementor-widget elementor-widget-text-editor\" data-id=\"de2abab\" data-element_type=\"widget\" data-widget_type=\"text-editor.default\">\n\t\t\t\t<div class=\"elementor-widget-container\">\n\t\t\t\t\t\t\t<h4>Don't forget to book!<\/h4>\t\t\t\t\t\t<\/div>\n\t\t\t\t<\/div>\n\t\t\t\t\t<\/div>\n\t\t<\/div>\n\t\t\t\t\t\t\t<\/div>\n\t\t<\/section>\n\t\t\t\t<section class=\"has_eae_slider elementor-section elementor-top-section elementor-element elementor-element-c02481b elementor-section-boxed elementor-section-height-default elementor-section-height-default qodef-elementor-content-no\" data-id=\"c02481b\" data-element_type=\"section\">\n\t\t\t\t\t\t<div class=\"elementor-container elementor-column-gap-default\">\n\t\t\t\t\t<div class=\"has_eae_slider elementor-column elementor-col-100 elementor-top-column elementor-element elementor-element-8c696a4\" data-id=\"8c696a4\" data-element_type=\"column\">\n\t\t\t<div class=\"elementor-widget-wrap elementor-element-populated\">\n\t\t\t\t\t\t\t\t<div class=\"elementor-element elementor-element-55afea3 elementor-widget elementor-widget-text-editor\" data-id=\"55afea3\" data-element_type=\"widget\" data-widget_type=\"text-editor.default\">\n\t\t\t\t<div class=\"elementor-widget-container\">\n\t\t\t\t\t\t\t<p>In short, evening events at Le Diable au Coeur and La Rotonde are much more than just a meal or a night at the bar. They're a celebration of culinary art, entertainment and conviviality, all wrapped up in the wintry charm of Les 2 Alpes.<\/p><p>Would you like to organize a private or professional event? You can book Le Diable au Coeur for your business meals, weddings and anniversaries!<\/p><p><strong>Book your place now for an unforgettable experience at the summit of the Alps.<\/strong><\/p>\t\t\t\t\t\t<\/div>\n\t\t\t\t<\/div>\n\t\t\t\t\t<\/div>\n\t\t<\/div>\n\t\t\t\t\t\t\t<\/div>\n\t\t<\/section>\n\t\t\t\t\t\t\t<\/div>","protected":false},"excerpt":{"rendered":"<p>We're delighted to be able to offer you evenings at altitude using the new Diable gondola chairlift.<\/p>","protected":false},"author":1,"featured_media":11268,"comment_status":"closed","ping_status":"open","sticky":false,"template":"","format":"standard","meta":{"footnotes":""},"categories":[20,97,21],"tags":[131,94,129,130],"class_list":["post-670","post","type-post","status-publish","format-standard","has-post-thumbnail","hentry","category-agenda","category-en-ce-moment","category-news-evenementiel","tag-dacl2a","tag-agenda","tag-evenementiel","tag-soiree"],"yoast_head":"<!-- This site is optimized with the Yoast SEO plugin v21.7 - https:\/\/yoast.com\/wordpress\/plugins\/seo\/ -->\n<title>Des Soir\u00e9es \u00c9v\u00e8nementielles au Sommet des 2 Alpes - Le Diable au Coeur<\/title>\n<meta name=\"description\" content=\"Nous sommes heureux de vous proposer des soir\u00e9e en altitude gr\u00e2ce a l\u2019utilisation du nouveau t\u00e9l\u00e9si\u00e8ge du Diable.\" \/>\n<meta name=\"robots\" content=\"index, follow, max-snippet:-1, max-image-preview:large, max-video-preview:-1\" \/>\n<link rel=\"canonical\" href=\"https:\/\/www.lediableaucoeur.com\/en\/2023\/12\/05\/des-soirees-evenementielles-au-sommet-des-2-alpes\/\" \/>\n<meta property=\"og:locale\" content=\"en_US\" \/>\n<meta property=\"og:type\" content=\"article\" \/>\n<meta property=\"og:title\" content=\"Des Soir\u00e9es \u00c9v\u00e8nementielles au Sommet des 2 Alpes - Le Diable au Coeur\" \/>\n<meta property=\"og:description\" content=\"Nous sommes heureux de vous proposer des soir\u00e9e en altitude gr\u00e2ce a l\u2019utilisation du nouveau t\u00e9l\u00e9si\u00e8ge du Diable.\" \/>\n<meta property=\"og:url\" content=\"https:\/\/www.lediableaucoeur.com\/en\/2023\/12\/05\/des-soirees-evenementielles-au-sommet-des-2-alpes\/\" \/>\n<meta property=\"og:site_name\" content=\"Le Diable au Coeur\" \/>\n<meta property=\"article:publisher\" content=\"https:\/\/www.facebook.com\/le.diable.au.coeur.restaurant.les.2.alpes\/\" \/>\n<meta property=\"article:published_time\" content=\"2023-12-05T13:56:00+00:00\" \/>\n<meta property=\"article:modified_time\" content=\"2023-12-13T13:02:02+00:00\" \/>\n<meta property=\"og:image\" content=\"https:\/\/www.lediableaucoeur.com\/wp-content\/uploads\/2023\/12\/evenementiel-le-diable-au-coeur-actu.jpg\" \/>\n\t<meta property=\"og:image:width\" content=\"1920\" \/>\n\t<meta property=\"og:image:height\" content=\"1280\" \/>\n\t<meta property=\"og:image:type\" content=\"image\/jpeg\" \/>\n<meta name=\"author\" content=\"admin_asbdig\" \/>\n<meta name=\"twitter:card\" content=\"summary_large_image\" \/>\n<meta name=\"twitter:label1\" content=\"Written by\" \/>\n\t<meta name=\"twitter:data1\" content=\"admin_asbdig\" \/>\n\t<meta name=\"twitter:label2\" content=\"Est. reading time\" \/>\n\t<meta name=\"twitter:data2\" content=\"3 minutes\" \/>\n<script type=\"application\/ld+json\" class=\"yoast-schema-graph\">{\"@context\":\"https:\/\/schema.org\",\"@graph\":[{\"@type\":\"Article\",\"@id\":\"https:\/\/www.lediableaucoeur.com\/2023\/12\/05\/des-soirees-evenementielles-au-sommet-des-2-alpes\/#article\",\"isPartOf\":{\"@id\":\"https:\/\/www.lediableaucoeur.com\/2023\/12\/05\/des-soirees-evenementielles-au-sommet-des-2-alpes\/\"},\"author\":{\"name\":\"admin_asbdig\",\"@id\":\"https:\/\/www.lediableaucoeur.com\/#\/schema\/person\/ee6e8ff00ee2230ee696a80c3537087a\"},\"headline\":\"Des Soir\u00e9es \u00c9v\u00e8nementielles au Sommet des 2 Alpes\",\"datePublished\":\"2023-12-05T13:56:00+00:00\",\"dateModified\":\"2023-12-13T13:02:02+00:00\",\"mainEntityOfPage\":{\"@id\":\"https:\/\/www.lediableaucoeur.com\/2023\/12\/05\/des-soirees-evenementielles-au-sommet-des-2-alpes\/\"},\"wordCount\":402,\"publisher\":{\"@id\":\"https:\/\/www.lediableaucoeur.com\/#organization\"},\"keywords\":[\"#dacl2a\",\"Agenda\",\"\u00e9v\u00e8nementiel\",\"soir\u00e9e\"],\"articleSection\":[\"Agenda\",\"En ce moment\",\"Ev\u00e8nementiel\"],\"inLanguage\":\"en-US\"},{\"@type\":\"WebPage\",\"@id\":\"https:\/\/www.lediableaucoeur.com\/2023\/12\/05\/des-soirees-evenementielles-au-sommet-des-2-alpes\/\",\"url\":\"https:\/\/www.lediableaucoeur.com\/2023\/12\/05\/des-soirees-evenementielles-au-sommet-des-2-alpes\/\",\"name\":\"Des Soir\u00e9es \u00c9v\u00e8nementielles au Sommet des 2 Alpes - Le Diable au Coeur\",\"isPartOf\":{\"@id\":\"https:\/\/www.lediableaucoeur.com\/#website\"},\"datePublished\":\"2023-12-05T13:56:00+00:00\",\"dateModified\":\"2023-12-13T13:02:02+00:00\",\"description\":\"Nous sommes heureux de vous proposer des soir\u00e9e en altitude gr\u00e2ce a l\u2019utilisation du nouveau t\u00e9l\u00e9si\u00e8ge du Diable.\",\"breadcrumb\":{\"@id\":\"https:\/\/www.lediableaucoeur.com\/2023\/12\/05\/des-soirees-evenementielles-au-sommet-des-2-alpes\/#breadcrumb\"},\"inLanguage\":\"en-US\",\"potentialAction\":[{\"@type\":\"ReadAction\",\"target\":[\"https:\/\/www.lediableaucoeur.com\/2023\/12\/05\/des-soirees-evenementielles-au-sommet-des-2-alpes\/\"]}]},{\"@type\":\"BreadcrumbList\",\"@id\":\"https:\/\/www.lediableaucoeur.com\/2023\/12\/05\/des-soirees-evenementielles-au-sommet-des-2-alpes\/#breadcrumb\",\"itemListElement\":[{\"@type\":\"ListItem\",\"position\":1,\"name\":\"Accueil\",\"item\":\"https:\/\/www.lediableaucoeur.com\/\"},{\"@type\":\"ListItem\",\"position\":2,\"name\":\"Des Soir\u00e9es \u00c9v\u00e8nementielles au Sommet des 2 Alpes\"}]},{\"@type\":\"WebSite\",\"@id\":\"https:\/\/www.lediableaucoeur.com\/#website\",\"url\":\"https:\/\/www.lediableaucoeur.com\/\",\"name\":\"Le Diable au Coeur\",\"description\":\"Votre restaurant \u00e0 2400m d&#039;altitude\",\"publisher\":{\"@id\":\"https:\/\/www.lediableaucoeur.com\/#organization\"},\"potentialAction\":[{\"@type\":\"SearchAction\",\"target\":{\"@type\":\"EntryPoint\",\"urlTemplate\":\"https:\/\/www.lediableaucoeur.com\/?s={search_term_string}\"},\"query-input\":\"required name=search_term_string\"}],\"inLanguage\":\"en-US\"},{\"@type\":\"Organization\",\"@id\":\"https:\/\/www.lediableaucoeur.com\/#organization\",\"name\":\"Le Diable au Coeur\",\"url\":\"https:\/\/www.lediableaucoeur.com\/\",\"logo\":{\"@type\":\"ImageObject\",\"inLanguage\":\"en-US\",\"@id\":\"https:\/\/www.lediableaucoeur.com\/#\/schema\/logo\/image\/\",\"url\":\"https:\/\/www.lediableaucoeur.com\/wp-content\/uploads\/2023\/07\/logo-le-diable-au-coeur.svg\",\"contentUrl\":\"https:\/\/www.lediableaucoeur.com\/wp-content\/uploads\/2023\/07\/logo-le-diable-au-coeur.svg\",\"width\":249,\"height\":106,\"caption\":\"Le Diable au Coeur\"},\"image\":{\"@id\":\"https:\/\/www.lediableaucoeur.com\/#\/schema\/logo\/image\/\"},\"sameAs\":[\"https:\/\/www.facebook.com\/le.diable.au.coeur.restaurant.les.2.alpes\/\",\"https:\/\/www.instagram.com\/diableaucoeur\/\"]},{\"@type\":\"Person\",\"@id\":\"https:\/\/www.lediableaucoeur.com\/#\/schema\/person\/ee6e8ff00ee2230ee696a80c3537087a\",\"name\":\"admin_asbdig\",\"image\":{\"@type\":\"ImageObject\",\"inLanguage\":\"en-US\",\"@id\":\"https:\/\/www.lediableaucoeur.com\/#\/schema\/person\/image\/\",\"url\":\"https:\/\/secure.gravatar.com\/avatar\/1f5f93cc0fc37ea2158aac6c5f28d745b62f0964e57ce3cf54773e2160f822f6?s=96&d=mm&r=g\",\"contentUrl\":\"https:\/\/secure.gravatar.com\/avatar\/1f5f93cc0fc37ea2158aac6c5f28d745b62f0964e57ce3cf54773e2160f822f6?s=96&d=mm&r=g\",\"caption\":\"admin_asbdig\"},\"sameAs\":[\"https:\/\/lediableaucoeur.asb-digital.fr\"],\"url\":\"https:\/\/www.lediableaucoeur.com\/en\/author\/admin\/\"}]}<\/script>\n<!-- \/ Yoast SEO plugin. -->","yoast_head_json":{"title":"Des Soir\u00e9es \u00c9v\u00e8nementielles au Sommet des 2 Alpes - Le Diable au Coeur","description":"Nous sommes heureux de vous proposer des soir\u00e9e en altitude gr\u00e2ce a l\u2019utilisation du nouveau t\u00e9l\u00e9si\u00e8ge du Diable.","robots":{"index":"index","follow":"follow","max-snippet":"max-snippet:-1","max-image-preview":"max-image-preview:large","max-video-preview":"max-video-preview:-1"},"canonical":"https:\/\/www.lediableaucoeur.com\/en\/2023\/12\/05\/des-soirees-evenementielles-au-sommet-des-2-alpes\/","og_locale":"en_US","og_type":"article","og_title":"Des Soir\u00e9es \u00c9v\u00e8nementielles au Sommet des 2 Alpes - Le Diable au Coeur","og_description":"Nous sommes heureux de vous proposer des soir\u00e9e en altitude gr\u00e2ce a l\u2019utilisation du nouveau t\u00e9l\u00e9si\u00e8ge du Diable.","og_url":"https:\/\/www.lediableaucoeur.com\/en\/2023\/12\/05\/des-soirees-evenementielles-au-sommet-des-2-alpes\/","og_site_name":"Le Diable au Coeur","article_publisher":"https:\/\/www.facebook.com\/le.diable.au.coeur.restaurant.les.2.alpes\/","article_published_time":"2023-12-05T13:56:00+00:00","article_modified_time":"2023-12-13T13:02:02+00:00","og_image":[{"width":1920,"height":1280,"url":"https:\/\/www.lediableaucoeur.com\/wp-content\/uploads\/2023\/12\/evenementiel-le-diable-au-coeur-actu.jpg","type":"image\/jpeg"}],"author":"admin_asbdig","twitter_card":"summary_large_image","twitter_misc":{"Written by":"admin_asbdig","Est. reading time":"3 minutes"},"schema":{"@context":"https:\/\/schema.org","@graph":[{"@type":"Article","@id":"https:\/\/www.lediableaucoeur.com\/2023\/12\/05\/des-soirees-evenementielles-au-sommet-des-2-alpes\/#article","isPartOf":{"@id":"https:\/\/www.lediableaucoeur.com\/2023\/12\/05\/des-soirees-evenementielles-au-sommet-des-2-alpes\/"},"author":{"name":"admin_asbdig","@id":"https:\/\/www.lediableaucoeur.com\/#\/schema\/person\/ee6e8ff00ee2230ee696a80c3537087a"},"headline":"Des Soir\u00e9es \u00c9v\u00e8nementielles au Sommet des 2 Alpes","datePublished":"2023-12-05T13:56:00+00:00","dateModified":"2023-12-13T13:02:02+00:00","mainEntityOfPage":{"@id":"https:\/\/www.lediableaucoeur.com\/2023\/12\/05\/des-soirees-evenementielles-au-sommet-des-2-alpes\/"},"wordCount":402,"publisher":{"@id":"https:\/\/www.lediableaucoeur.com\/#organization"},"keywords":["#dacl2a","Agenda","\u00e9v\u00e8nementiel","soir\u00e9e"],"articleSection":["Agenda","En ce moment","Ev\u00e8nementiel"],"inLanguage":"en-US"},{"@type":"WebPage","@id":"https:\/\/www.lediableaucoeur.com\/2023\/12\/05\/des-soirees-evenementielles-au-sommet-des-2-alpes\/","url":"https:\/\/www.lediableaucoeur.com\/2023\/12\/05\/des-soirees-evenementielles-au-sommet-des-2-alpes\/","name":"Des Soir\u00e9es \u00c9v\u00e8nementielles au Sommet des 2 Alpes - Le Diable au Coeur","isPartOf":{"@id":"https:\/\/www.lediableaucoeur.com\/#website"},"datePublished":"2023-12-05T13:56:00+00:00","dateModified":"2023-12-13T13:02:02+00:00","description":"Nous sommes heureux de vous proposer des soir\u00e9e en altitude gr\u00e2ce a l\u2019utilisation du nouveau t\u00e9l\u00e9si\u00e8ge du Diable.","breadcrumb":{"@id":"https:\/\/www.lediableaucoeur.com\/2023\/12\/05\/des-soirees-evenementielles-au-sommet-des-2-alpes\/#breadcrumb"},"inLanguage":"en-US","potentialAction":[{"@type":"ReadAction","target":["https:\/\/www.lediableaucoeur.com\/2023\/12\/05\/des-soirees-evenementielles-au-sommet-des-2-alpes\/"]}]},{"@type":"BreadcrumbList","@id":"https:\/\/www.lediableaucoeur.com\/2023\/12\/05\/des-soirees-evenementielles-au-sommet-des-2-alpes\/#breadcrumb","itemListElement":[{"@type":"ListItem","position":1,"name":"Accueil","item":"https:\/\/www.lediableaucoeur.com\/"},{"@type":"ListItem","position":2,"name":"Des Soir\u00e9es \u00c9v\u00e8nementielles au Sommet des 2 Alpes"}]},{"@type":"WebSite","@id":"https:\/\/www.lediableaucoeur.com\/#website","url":"https:\/\/www.lediableaucoeur.com\/","name":"Le Diable au Coeur","description":"Votre restaurant \u00e0 2400m d&#039;altitude","publisher":{"@id":"https:\/\/www.lediableaucoeur.com\/#organization"},"potentialAction":[{"@type":"SearchAction","target":{"@type":"EntryPoint","urlTemplate":"https:\/\/www.lediableaucoeur.com\/?s={search_term_string}"},"query-input":"required name=search_term_string"}],"inLanguage":"en-US"},{"@type":"Organization","@id":"https:\/\/www.lediableaucoeur.com\/#organization","name":"Le Diable au Coeur","url":"https:\/\/www.lediableaucoeur.com\/","logo":{"@type":"ImageObject","inLanguage":"en-US","@id":"https:\/\/www.lediableaucoeur.com\/#\/schema\/logo\/image\/","url":"https:\/\/www.lediableaucoeur.com\/wp-content\/uploads\/2023\/07\/logo-le-diable-au-coeur.svg","contentUrl":"https:\/\/www.lediableaucoeur.com\/wp-content\/uploads\/2023\/07\/logo-le-diable-au-coeur.svg","width":249,"height":106,"caption":"Le Diable au Coeur"},"image":{"@id":"https:\/\/www.lediableaucoeur.com\/#\/schema\/logo\/image\/"},"sameAs":["https:\/\/www.facebook.com\/le.diable.au.coeur.restaurant.les.2.alpes\/","https:\/\/www.instagram.com\/diableaucoeur\/"]},{"@type":"Person","@id":"https:\/\/www.lediableaucoeur.com\/#\/schema\/person\/ee6e8ff00ee2230ee696a80c3537087a","name":"admin_asbdig","image":{"@type":"ImageObject","inLanguage":"en-US","@id":"https:\/\/www.lediableaucoeur.com\/#\/schema\/person\/image\/","url":"https:\/\/secure.gravatar.com\/avatar\/1f5f93cc0fc37ea2158aac6c5f28d745b62f0964e57ce3cf54773e2160f822f6?s=96&d=mm&r=g","contentUrl":"https:\/\/secure.gravatar.com\/avatar\/1f5f93cc0fc37ea2158aac6c5f28d745b62f0964e57ce3cf54773e2160f822f6?s=96&d=mm&r=g","caption":"admin_asbdig"},"sameAs":["https:\/\/lediableaucoeur.asb-digital.fr"],"url":"https:\/\/www.lediableaucoeur.com\/en\/author\/admin\/"}]}},"_links":{"self":[{"href":"https:\/\/www.lediableaucoeur.com\/en\/wp-json\/wp\/v2\/posts\/670","targetHints":{"allow":["GET"]}}],"collection":[{"href":"https:\/\/www.lediableaucoeur.com\/en\/wp-json\/wp\/v2\/posts"}],"about":[{"href":"https:\/\/www.lediableaucoeur.com\/en\/wp-json\/wp\/v2\/types\/post"}],"author":[{"embeddable":true,"href":"https:\/\/www.lediableaucoeur.com\/en\/wp-json\/wp\/v2\/users\/1"}],"replies":[{"embeddable":true,"href":"https:\/\/www.lediableaucoeur.com\/en\/wp-json\/wp\/v2\/comments?post=670"}],"version-history":[{"count":31,"href":"https:\/\/www.lediableaucoeur.com\/en\/wp-json\/wp\/v2\/posts\/670\/revisions"}],"predecessor-version":[{"id":11267,"href":"https:\/\/www.lediableaucoeur.com\/en\/wp-json\/wp\/v2\/posts\/670\/revisions\/11267"}],"wp:featuredmedia":[{"embeddable":true,"href":"https:\/\/www.lediableaucoeur.com\/en\/wp-json\/wp\/v2\/media\/11268"}],"wp:attachment":[{"href":"https:\/\/www.lediableaucoeur.com\/en\/wp-json\/wp\/v2\/media?parent=670"}],"wp:term":[{"taxonomy":"category","embeddable":true,"href":"https:\/\/www.lediableaucoeur.com\/en\/wp-json\/wp\/v2\/categories?post=670"},{"taxonomy":"post_tag","embeddable":true,"href":"https:\/\/www.lediableaucoeur.com\/en\/wp-json\/wp\/v2\/tags?post=670"}],"curies":[{"name":"wp","href":"https:\/\/api.w.org\/{rel}","templated":true}]}}